{"id":105,"date":"2016-10-16T13:57:40","date_gmt":"2016-10-16T11:57:40","guid":{"rendered":"http:\/\/grupos.unican.es\/ahir\/?p=105"},"modified":"2016-10-16T13:57:40","modified_gmt":"2016-10-16T11:57:40","slug":"celebracion-coloquio-monumenta-et-memoria","status":"publish","type":"post","link":"https:\/\/grupos.unican.es\/ahir\/celebracion-coloquio-monumenta-et-memoria\/","title":{"rendered":"Celebraci\u00f3n coloquio Monumenta et Memoria"},"content":{"rendered":"<p><a href=\"https:\/\/grupos.unican.es\/ahir\/wp-content\/uploads\/2016\/10\/P%C3%B3ster_Coloquio-Santander-2016.pdf\">Coloquio Internacional \u201c<em>Monumenta et Memoria<\/em>. Estudios de Epigraf\u00eda Romana\u201d<\/a><\/p>\n<p>Diecis\u00e9is especialistas de diez centros de investigaci\u00f3n debatieron\u00a0acerca del registro de la memoria a trav\u00e9s de la epigraf\u00eda y presentaron los resultados de sus investigaciones centradas en distintos contextos del Occidente romano los d\u00edas 22 y 23 de septiembre de 2016.<\/p>\n","protected":false},"excerpt":{"rendered":"<p>Coloquio Internacional \u201cMonumenta et Memoria. Estudios de Epigraf\u00eda Romana\u201d Diecis\u00e9is especialistas de diez centros de investigaci\u00f3n debatieron\u00a0acerca del registro de la memoria a trav\u00e9s de la epigraf\u00eda y presentaron los resultados de sus investigaciones centradas en distintos contextos del Occidente romano los d\u00edas 22 y 23 de septiembre de 2016.<\/p>\n","protected":false},"author":1,"featured_media":0,"comment_status":"closed","ping_status":"open","sticky":false,"template":"","format":"standard","meta":{"footnotes":""},"categories":[1],"tags":[],"class_list":["post-105","post","type-post","status-publish","format-standard","hentry","category-sin-categoria"],"_links":{"self":[{"href":"https:\/\/grupos.unican.es\/ahir\/wp-json\/wp\/v2\/posts\/105","targetHints":{"allow":["GET"]}}],"collection":[{"href":"https:\/\/grupos.unican.es\/ahir\/wp-json\/wp\/v2\/posts"}],"about":[{"href":"https:\/\/grupos.unican.es\/ahir\/wp-json\/wp\/v2\/types\/post"}],"author":[{"embeddable":true,"href":"https:\/\/grupos.unican.es\/ahir\/wp-json\/wp\/v2\/users\/1"}],"replies":[{"embeddable":true,"href":"https:\/\/grupos.unican.es\/ahir\/wp-json\/wp\/v2\/comments?post=105"}],"version-history":[{"count":1,"href":"https:\/\/grupos.unican.es\/ahir\/wp-json\/wp\/v2\/posts\/105\/revisions"}],"predecessor-version":[{"id":106,"href":"https:\/\/grupos.unican.es\/ahir\/wp-json\/wp\/v2\/posts\/105\/revisions\/106"}],"wp:attachment":[{"href":"https:\/\/grupos.unican.es\/ahir\/wp-json\/wp\/v2\/media?parent=105"}],"wp:term":[{"taxonomy":"category","embeddable":true,"href":"https:\/\/grupos.unican.es\/ahir\/wp-json\/wp\/v2\/categories?post=105"},{"taxonomy":"post_tag","embeddable":true,"href":"https:\/\/grupos.unican.es\/ahir\/wp-json\/wp\/v2\/tags?post=105"}],"curies":[{"name":"wp","href":"https:\/\/api.w.org\/{rel}","templated":true}]}}