{"id":183,"date":"2016-12-05T13:11:01","date_gmt":"2016-12-05T12:11:01","guid":{"rendered":"http:\/\/grupos.unican.es\/ahir\/?p=183"},"modified":"2016-12-05T13:12:56","modified_gmt":"2016-12-05T12:12:56","slug":"participacion-en-la-semana-de-la-ciencia-2016-uc","status":"publish","type":"post","link":"https:\/\/grupos.unican.es\/ahir\/participacion-en-la-semana-de-la-ciencia-2016-uc\/","title":{"rendered":"Participaci\u00f3n en la Semana de la Ciencia 2016 UC"},"content":{"rendered":"<p style=\"text-align: justify;\">Parte de nuestro grupo de investigaci\u00f3n particip\u00f3 en la Semana de la Ciencia 2016 de la Universidad de Cantabria con el taller \u00abViajar y comunicarse en \u00e9poca romana\u00bb. Alicia Ruiz, Carolina Cort\u00e9s y Alejandro Fern\u00e1ndez, integrantes del Proyecto HAR2013-40762-P \u00abMovilidad, arraigo y registro epigr\u00e1fico de la memoria en el Imperio romano: estudio hist\u00f3rico y cartogr\u00e1fico\u00bb ense\u00f1aron a estudiantes de primero y segundo de la E.S.O. c\u00f3mo se viajaba y se comunicaba en \u00e9poca romana.<br \/>\nLa Semana de la Ciencia, del 7 al 18 de noviembre, ha permitido acercar los trabajos de los investigadores de la Universidad a los ciudadanos a trav\u00e9s de numerosas actividades coordinadas por la <a class=\"profileLink\" href=\"https:\/\/www.facebook.com\/UCDivulga\/\" data-hovercard=\"\/ajax\/hovercard\/page.php?id=602451133290519\" data-hovercard-prefer-more-content-show=\"1\">Unidad de Cultura Cient\u00edfica de la Universidad de Cantabria<\/a>.<\/p>\n<div class=\"fb-post\" data-href=\"https:\/\/www.facebook.com\/permalink.php?story_fbid=904679566328929&amp;id=711040272359527\" data-width=\"500\" data-show-text=\"true\">\n<blockquote cite=\"https:\/\/www.facebook.com\/permalink.php?story_fbid=904679566328929&amp;id=711040272359527\" class=\"fb-xfbml-parse-ignore\">\n<p>La semana pasada nuestro grupo de investigaci&#xf3;n particip&#xf3; con el taller &quot;Viajar y comunicarse en &#xe9;poca romana&quot; en la&#8230;<\/p>\n<p>Publicado por <a href=\"https:\/\/www.facebook.com\/AHIR-Grupo-de-Investigaci&#xf3;n-711040272359527\/\">AHIR Grupo de Investigaci\u00f3n<\/a> en&nbsp;<a href=\"https:\/\/www.facebook.com\/permalink.php?story_fbid=904679566328929&amp;id=711040272359527\">Lunes, 14 de noviembre de 2016<\/a><\/p><\/blockquote>\n<\/div>\n","protected":false},"excerpt":{"rendered":"<p>Parte de nuestro grupo de investigaci\u00f3n particip\u00f3 en la Semana de la Ciencia 2016 de la Universidad de Cantabria con el taller \u00abViajar y comunicarse en \u00e9poca romana\u00bb. Alicia Ruiz, Carolina Cort\u00e9s y Alejandro Fern\u00e1ndez, integrantes del Proyecto HAR2013-40762-P \u00abMovilidad, arraigo y registro epigr\u00e1fico de la memoria en el Imperio romano: estudio hist\u00f3rico y cartogr\u00e1fico\u00bb &hellip; <a href=\"https:\/\/grupos.unican.es\/ahir\/participacion-en-la-semana-de-la-ciencia-2016-uc\/\" class=\"more-link\">Continuar leyendo<span class=\"screen-reader-text\"> \u00abParticipaci\u00f3n en la Semana de la Ciencia 2016 UC\u00bb<\/span><\/a><\/p>\n","protected":false},"author":1,"featured_media":0,"comment_status":"open","ping_status":"closed","sticky":false,"template":"","format":"standard","meta":{"footnotes":""},"categories":[1],"tags":[],"class_list":["post-183","post","type-post","status-publish","format-standard","hentry","category-sin-categoria"],"_links":{"self":[{"href":"https:\/\/grupos.unican.es\/ahir\/wp-json\/wp\/v2\/posts\/183","targetHints":{"allow":["GET"]}}],"collection":[{"href":"https:\/\/grupos.unican.es\/ahir\/wp-json\/wp\/v2\/posts"}],"about":[{"href":"https:\/\/grupos.unican.es\/ahir\/wp-json\/wp\/v2\/types\/post"}],"author":[{"embeddable":true,"href":"https:\/\/grupos.unican.es\/ahir\/wp-json\/wp\/v2\/users\/1"}],"replies":[{"embeddable":true,"href":"https:\/\/grupos.unican.es\/ahir\/wp-json\/wp\/v2\/comments?post=183"}],"version-history":[{"count":3,"href":"https:\/\/grupos.unican.es\/ahir\/wp-json\/wp\/v2\/posts\/183\/revisions"}],"predecessor-version":[{"id":186,"href":"https:\/\/grupos.unican.es\/ahir\/wp-json\/wp\/v2\/posts\/183\/revisions\/186"}],"wp:attachment":[{"href":"https:\/\/grupos.unican.es\/ahir\/wp-json\/wp\/v2\/media?parent=183"}],"wp:term":[{"taxonomy":"category","embeddable":true,"href":"https:\/\/grupos.unican.es\/ahir\/wp-json\/wp\/v2\/categories?post=183"},{"taxonomy":"post_tag","embeddable":true,"href":"https:\/\/grupos.unican.es\/ahir\/wp-json\/wp\/v2\/tags?post=183"}],"curies":[{"name":"wp","href":"https:\/\/api.w.org\/{rel}","templated":true}]}}